{"id":121,"date":"2024-05-20T15:08:08","date_gmt":"2024-05-20T13:08:08","guid":{"rendered":"https:\/\/cgtcpamoise.fr\/?p=121"},"modified":"2024-06-12T09:26:20","modified_gmt":"2024-06-12T07:26:20","slug":"greve-et-prime-de-vacances-mai-2024","status":"publish","type":"post","link":"https:\/\/cgtcpamoise.fr\/index.php\/2024\/05\/20\/greve-et-prime-de-vacances-mai-2024\/","title":{"rendered":"Gr\u00e8ve et prime de vacances mai 2024"},"content":{"rendered":"\n<p>Le pr\u00e9avis de gr\u00e8ve illimit\u00e9e se poursuivant ce mois-ci nous tenons \u00e0 rappeler \u00e0 tous<br>les agents qu\u2019une absence pour motif de gr\u00e8ve en date du 31\/05\/2024 entrainera<br>la perte de salaire li\u00e9e \u00e0 la gr\u00e8ve mais \u00e9galement la suppression de la prime de<br>vacances soumise \u00e0 pr\u00e9sence r\u00e9mun\u00e9r\u00e9e de l\u2019agent dans l\u2019organisme \u00e0 cette<br>date.<br>La gr\u00e8ve est permise sur cette journ\u00e9e mais p\u00e9nalisante financi\u00e8rement pour cette<br>prime il faut donc en tenir compte dans la d\u00e9cision de faire gr\u00e8ve sur cette date pr\u00e9cise.<\/p>\n\n\n\n<p><a href=\"https:\/\/cgtcpamoise.fr\/wp-content\/uploads\/2024\/06\/2024-05_preavis_greve.pdf\"><img loading=\"lazy\" decoding=\"async\" width=\"64\" height=\"64\" class=\"wp-image-179\" style=\"width: 64px;\" src=\"http:\/\/cgtcpamoise.fr\/wp-content\/uploads\/2024\/06\/pdf-download-2617.png\" alt=\"\">Cliquez ici pour t\u00e9l\u00e9charger le tract<\/a><\/p>\n","protected":false},"excerpt":{"rendered":"<p>Le pr\u00e9avis de gr\u00e8ve illimit\u00e9e se poursuivant ce mois-ci nous tenons \u00e0 rappeler \u00e0 tousles agents qu\u2019une absence pour motif de gr\u00e8ve en date du 31\/05\/2024 entrainerala perte de salaire li\u00e9e \u00e0 la gr\u00e8ve mais \u00e9galement la suppression de la prime devacances soumise \u00e0 pr\u00e9sence r\u00e9mun\u00e9r\u00e9e de l\u2019agent dans l\u2019organisme \u00e0 cettedate.La gr\u00e8ve est permise [&hellip;]<\/p>\n","protected":false},"author":2,"featured_media":0,"comment_status":"closed","ping_status":"closed","sticky":false,"template":"","format":"standard","meta":{"footnotes":""},"categories":[7,11,13],"tags":[14],"class_list":["post-121","post","type-post","status-publish","format-standard","hentry","category-cpam","category-greve","category-salaire","tag-salaire"],"_links":{"self":[{"href":"https:\/\/cgtcpamoise.fr\/index.php\/wp-json\/wp\/v2\/posts\/121","targetHints":{"allow":["GET"]}}],"collection":[{"href":"https:\/\/cgtcpamoise.fr\/index.php\/wp-json\/wp\/v2\/posts"}],"about":[{"href":"https:\/\/cgtcpamoise.fr\/index.php\/wp-json\/wp\/v2\/types\/post"}],"author":[{"embeddable":true,"href":"https:\/\/cgtcpamoise.fr\/index.php\/wp-json\/wp\/v2\/users\/2"}],"replies":[{"embeddable":true,"href":"https:\/\/cgtcpamoise.fr\/index.php\/wp-json\/wp\/v2\/comments?post=121"}],"version-history":[{"count":4,"href":"https:\/\/cgtcpamoise.fr\/index.php\/wp-json\/wp\/v2\/posts\/121\/revisions"}],"predecessor-version":[{"id":185,"href":"https:\/\/cgtcpamoise.fr\/index.php\/wp-json\/wp\/v2\/posts\/121\/revisions\/185"}],"wp:attachment":[{"href":"https:\/\/cgtcpamoise.fr\/index.php\/wp-json\/wp\/v2\/media?parent=121"}],"wp:term":[{"taxonomy":"category","embeddable":true,"href":"https:\/\/cgtcpamoise.fr\/index.php\/wp-json\/wp\/v2\/categories?post=121"},{"taxonomy":"post_tag","embeddable":true,"href":"https:\/\/cgtcpamoise.fr\/index.php\/wp-json\/wp\/v2\/tags?post=121"}],"curies":[{"name":"wp","href":"https:\/\/api.w.org\/{rel}","templated":true}]}}