{"id":358,"date":"2025-03-05T14:20:38","date_gmt":"2025-03-05T13:20:38","guid":{"rendered":"https:\/\/cgtcpamoise.fr\/?p=358"},"modified":"2025-03-05T14:45:17","modified_gmt":"2025-03-05T13:45:17","slug":"rassemblement-feministe-departemental","status":"publish","type":"post","link":"https:\/\/cgtcpamoise.fr\/index.php\/2025\/03\/05\/rassemblement-feministe-departemental\/","title":{"rendered":"Rassemblement f\u00e9ministe d\u00e9partemental"},"content":{"rendered":"\n<p>Toutes et tous \u00e0 Beauvais, \u00e0 Creil, \u00e0 Compiegne le 08 mars<\/p>\n\n\n\n<figure class=\"wp-block-gallery has-nested-images columns-default is-cropped wp-block-gallery-1 is-layout-flex wp-block-gallery-is-layout-flex\"><\/figure>\n\n\n\n<figure class=\"wp-block-image size-full\"><a href=\"http:\/\/cgtcpamoise.fr\/wp-content\/uploads\/2025\/03\/2025-03-08_egalite.pdf\" target=\"_blank\" rel=\" noreferrer noopener\"><img decoding=\"async\" src=\"http:\/\/cgtcpamoise.fr\/wp-content\/uploads\/2025\/03\/2025-03-08_egalite.jpg\" alt=\"\" class=\"wp-image-360\"\/><\/a><\/figure>\n\n\n\n<p><a href=\"http:\/\/cgtcpamoise.fr\/wp-content\/uploads\/2025\/03\/2025-03-08_egalite.pdf\" target=\"_blank\" rel=\"noreferrer noopener\"><img loading=\"lazy\" decoding=\"async\" width=\"64\" height=\"64\" class=\"wp-image-179\" style=\"width: 64px;\" src=\"http:\/\/cgtcpamoise.fr\/wp-content\/uploads\/2024\/06\/pdf-download-2617.png\" alt=\"\">Cliquez ici pour t\u00e9l\u00e9charger le tract et connaitre les horaires<\/a><\/p>\n\n\n\n<p><\/p>\n","protected":false},"excerpt":{"rendered":"<p>Toutes et tous \u00e0 Beauvais, \u00e0 Creil, \u00e0 Compiegne le 08 mars Cliquez ici pour t\u00e9l\u00e9charger le tract et connaitre les horaires<\/p>\n","protected":false},"author":2,"featured_media":0,"comment_status":"closed","ping_status":"closed","sticky":false,"template":"","format":"standard","meta":{"footnotes":""},"categories":[6],"tags":[],"class_list":["post-358","post","type-post","status-publish","format-standard","hentry","category-national"],"_links":{"self":[{"href":"https:\/\/cgtcpamoise.fr\/index.php\/wp-json\/wp\/v2\/posts\/358","targetHints":{"allow":["GET"]}}],"collection":[{"href":"https:\/\/cgtcpamoise.fr\/index.php\/wp-json\/wp\/v2\/posts"}],"about":[{"href":"https:\/\/cgtcpamoise.fr\/index.php\/wp-json\/wp\/v2\/types\/post"}],"author":[{"embeddable":true,"href":"https:\/\/cgtcpamoise.fr\/index.php\/wp-json\/wp\/v2\/users\/2"}],"replies":[{"embeddable":true,"href":"https:\/\/cgtcpamoise.fr\/index.php\/wp-json\/wp\/v2\/comments?post=358"}],"version-history":[{"count":3,"href":"https:\/\/cgtcpamoise.fr\/index.php\/wp-json\/wp\/v2\/posts\/358\/revisions"}],"predecessor-version":[{"id":362,"href":"https:\/\/cgtcpamoise.fr\/index.php\/wp-json\/wp\/v2\/posts\/358\/revisions\/362"}],"wp:attachment":[{"href":"https:\/\/cgtcpamoise.fr\/index.php\/wp-json\/wp\/v2\/media?parent=358"}],"wp:term":[{"taxonomy":"category","embeddable":true,"href":"https:\/\/cgtcpamoise.fr\/index.php\/wp-json\/wp\/v2\/categories?post=358"},{"taxonomy":"post_tag","embeddable":true,"href":"https:\/\/cgtcpamoise.fr\/index.php\/wp-json\/wp\/v2\/tags?post=358"}],"curies":[{"name":"wp","href":"https:\/\/api.w.org\/{rel}","templated":true}]}}