{"id":379,"date":"2025-05-30T18:14:40","date_gmt":"2025-05-30T16:14:40","guid":{"rendered":"https:\/\/cgtcpamoise.fr\/?p=379"},"modified":"2025-05-30T18:14:40","modified_gmt":"2025-05-30T16:14:40","slug":"5-juin-en-greve-et-en-manifestations-pour-nos-retraites-nos-emplois-et-nos-salaires","status":"publish","type":"post","link":"https:\/\/cgtcpamoise.fr\/index.php\/2025\/05\/30\/5-juin-en-greve-et-en-manifestations-pour-nos-retraites-nos-emplois-et-nos-salaires\/","title":{"rendered":"5 juin : en gr\u00e8ve et en manifestations pour nos retraites, nos emplois et nos salaires"},"content":{"rendered":"\n<p>Mobilisation contre la r\u00e9forme des retraites le 5 juin partout en France pour nos retraites, nos emplois et nos salaires.<\/p>\n\n\n\n<p>Nous avons \u00e9t\u00e9 des millions en gr\u00e8ve et en manifestation en 2023 contre le recul de l\u2019\u00e2ge de d\u00e9part \u00e0 la retraite \u00e0 64 ans, impos\u00e9 par 49-3. Le gouvernement est fragile, le 5 juin il y aura enfin un vote \u00e0 l&rsquo;Assembl\u00e9e. Il faut respecter la d\u00e9mocratie : pr\u00e8s de 70 % de la population soutien l&rsquo;abrogation. Aux d\u00e9put\u00e9s de se prononcer, maintenant.<\/p>\n\n\n\n<p><a href=\"https:\/\/alloparlement.fr\">https:\/\/alloparlement.fr<\/a><\/p>\n\n\n\n<p><a href=\"https:\/\/cloud.cgt.fr\/index.php\/s\/nTXwE5mPoBJkWia\/download\/202505_tract%205%20juin%20generique.pdf\"><img loading=\"lazy\" decoding=\"async\" width=\"64\" height=\"64\" class=\"wp-image-179\" style=\"width: 64px;\" src=\"http:\/\/cgtcpamoise.fr\/wp-content\/uploads\/2024\/06\/pdf-download-2617.png\" alt=\"\">Cliquez ici pour t\u00e9l\u00e9charger le tract complet<\/a><\/p>\n\n\n\n<p><\/p>\n","protected":false},"excerpt":{"rendered":"<p>Mobilisation contre la r\u00e9forme des retraites le 5 juin partout en France pour nos retraites, nos emplois et nos salaires. Nous avons \u00e9t\u00e9 des millions en gr\u00e8ve et en manifestation en 2023 contre le recul de l\u2019\u00e2ge de d\u00e9part \u00e0 la retraite \u00e0 64 ans, impos\u00e9 par 49-3. Le gouvernement est fragile, le 5 juin [&hellip;]<\/p>\n","protected":false},"author":2,"featured_media":0,"comment_status":"closed","ping_status":"closed","sticky":false,"template":"","format":"standard","meta":{"footnotes":""},"categories":[11,6],"tags":[],"class_list":["post-379","post","type-post","status-publish","format-standard","hentry","category-greve","category-national"],"_links":{"self":[{"href":"https:\/\/cgtcpamoise.fr\/index.php\/wp-json\/wp\/v2\/posts\/379","targetHints":{"allow":["GET"]}}],"collection":[{"href":"https:\/\/cgtcpamoise.fr\/index.php\/wp-json\/wp\/v2\/posts"}],"about":[{"href":"https:\/\/cgtcpamoise.fr\/index.php\/wp-json\/wp\/v2\/types\/post"}],"author":[{"embeddable":true,"href":"https:\/\/cgtcpamoise.fr\/index.php\/wp-json\/wp\/v2\/users\/2"}],"replies":[{"embeddable":true,"href":"https:\/\/cgtcpamoise.fr\/index.php\/wp-json\/wp\/v2\/comments?post=379"}],"version-history":[{"count":2,"href":"https:\/\/cgtcpamoise.fr\/index.php\/wp-json\/wp\/v2\/posts\/379\/revisions"}],"predecessor-version":[{"id":381,"href":"https:\/\/cgtcpamoise.fr\/index.php\/wp-json\/wp\/v2\/posts\/379\/revisions\/381"}],"wp:attachment":[{"href":"https:\/\/cgtcpamoise.fr\/index.php\/wp-json\/wp\/v2\/media?parent=379"}],"wp:term":[{"taxonomy":"category","embeddable":true,"href":"https:\/\/cgtcpamoise.fr\/index.php\/wp-json\/wp\/v2\/categories?post=379"},{"taxonomy":"post_tag","embeddable":true,"href":"https:\/\/cgtcpamoise.fr\/index.php\/wp-json\/wp\/v2\/tags?post=379"}],"curies":[{"name":"wp","href":"https:\/\/api.w.org\/{rel}","templated":true}]}}