{"id":382,"date":"2025-06-03T08:40:27","date_gmt":"2025-06-03T06:40:27","guid":{"rendered":"https:\/\/cgtcpamoise.fr\/?p=382"},"modified":"2025-06-03T08:40:27","modified_gmt":"2025-06-03T06:40:27","slug":"classification-la-cgt-na-pas-signe-un-tel-recul-social","status":"publish","type":"post","link":"https:\/\/cgtcpamoise.fr\/index.php\/2025\/06\/03\/classification-la-cgt-na-pas-signe-un-tel-recul-social\/","title":{"rendered":"Classification : La CGT n\u2019a pas sign\u00e9 un tel recul social"},"content":{"rendered":"\n<p>L\u2019employeur a d\u00e9cid\u00e9 de revoir le parcours m\u00e9tier en reclassant les emplois dans la nouvelle grille des niveaux.<br>Concr\u00e8tement, cela signifie que les postes ont \u00e9t\u00e9 repositionn\u00e9s selon des crit\u00e8res fix\u00e9s par employeur, ce qui impacte directement les perspectives d\u2019\u00e9volution professionnelle, les salaires et les comp\u00e9tences reconnues.<\/p>\n\n\n\n<p><a href=\"http:\/\/cgtcpamoise.fr\/wp-content\/uploads\/2025\/03\/2025-03-08_egalite.pdf\" target=\"_blank\" rel=\"noreferrer noopener\"><img loading=\"lazy\" decoding=\"async\" width=\"64\" height=\"64\" class=\"wp-image-179\" style=\"width: 64px;\" src=\"http:\/\/cgtcpamoise.fr\/wp-content\/uploads\/2024\/06\/pdf-download-2617.png\" alt=\"\">Cliquez ici pour t\u00e9l\u00e9charger le tract<\/a><\/p>\n\n\n\n<p><a href=\"http:\/\/cgtcpamoise.fr\/wp-content\/uploads\/2025\/06\/2025-06-03_grille-classif-ADM.pdf\" target=\"_blank\" rel=\"noreferrer noopener\">Grille administrative<\/a><\/p>\n\n\n\n<p><a href=\"http:\/\/cgtcpamoise.fr\/wp-content\/uploads\/2025\/06\/2025-06-03_grille-classif-SOIGNANTS.pdf\" target=\"_blank\" rel=\"noreferrer noopener\">Grille Soignants<\/a><\/p>\n\n\n\n<p><a href=\"http:\/\/cgtcpamoise.fr\/wp-content\/uploads\/2025\/06\/2025-06-03_grille-classif-INF.pdf\" target=\"_blank\" rel=\"noreferrer noopener\">Grille Informaticiens<\/a><\/p>\n","protected":false},"excerpt":{"rendered":"<p>L\u2019employeur a d\u00e9cid\u00e9 de revoir le parcours m\u00e9tier en reclassant les emplois dans la nouvelle grille des niveaux.Concr\u00e8tement, cela signifie que les postes ont \u00e9t\u00e9 repositionn\u00e9s selon des crit\u00e8res fix\u00e9s par employeur, ce qui impacte directement les perspectives d\u2019\u00e9volution professionnelle, les salaires et les comp\u00e9tences reconnues. Cliquez ici pour t\u00e9l\u00e9charger le tract Grille administrative Grille [&hellip;]<\/p>\n","protected":false},"author":2,"featured_media":0,"comment_status":"closed","ping_status":"closed","sticky":false,"template":"","format":"standard","meta":{"footnotes":""},"categories":[7,6,13],"tags":[],"class_list":["post-382","post","type-post","status-publish","format-standard","hentry","category-cpam","category-national","category-salaire"],"_links":{"self":[{"href":"https:\/\/cgtcpamoise.fr\/index.php\/wp-json\/wp\/v2\/posts\/382","targetHints":{"allow":["GET"]}}],"collection":[{"href":"https:\/\/cgtcpamoise.fr\/index.php\/wp-json\/wp\/v2\/posts"}],"about":[{"href":"https:\/\/cgtcpamoise.fr\/index.php\/wp-json\/wp\/v2\/types\/post"}],"author":[{"embeddable":true,"href":"https:\/\/cgtcpamoise.fr\/index.php\/wp-json\/wp\/v2\/users\/2"}],"replies":[{"embeddable":true,"href":"https:\/\/cgtcpamoise.fr\/index.php\/wp-json\/wp\/v2\/comments?post=382"}],"version-history":[{"count":2,"href":"https:\/\/cgtcpamoise.fr\/index.php\/wp-json\/wp\/v2\/posts\/382\/revisions"}],"predecessor-version":[{"id":388,"href":"https:\/\/cgtcpamoise.fr\/index.php\/wp-json\/wp\/v2\/posts\/382\/revisions\/388"}],"wp:attachment":[{"href":"https:\/\/cgtcpamoise.fr\/index.php\/wp-json\/wp\/v2\/media?parent=382"}],"wp:term":[{"taxonomy":"category","embeddable":true,"href":"https:\/\/cgtcpamoise.fr\/index.php\/wp-json\/wp\/v2\/categories?post=382"},{"taxonomy":"post_tag","embeddable":true,"href":"https:\/\/cgtcpamoise.fr\/index.php\/wp-json\/wp\/v2\/tags?post=382"}],"curies":[{"name":"wp","href":"https:\/\/api.w.org\/{rel}","templated":true}]}}