{"id":394,"date":"2025-07-17T12:20:48","date_gmt":"2025-07-17T10:20:48","guid":{"rendered":"https:\/\/cgtcpamoise.fr\/?p=394"},"modified":"2025-07-17T14:40:42","modified_gmt":"2025-07-17T12:40:42","slug":"on-vous-dit-tout-sur-le-nouveau-protocole-de-teletravail","status":"publish","type":"post","link":"https:\/\/cgtcpamoise.fr\/index.php\/2025\/07\/17\/on-vous-dit-tout-sur-le-nouveau-protocole-de-teletravail\/","title":{"rendered":"On vous dit tout sur \u2026 Le nouveau protocole de t\u00e9l\u00e9travail"},"content":{"rendered":"\n<p>Apr\u00e8s 4 r\u00e9unions de n\u00e9gociations (10\/04,07\/05,10 et 27 juin), nous n\u2019avons rien l\u00e2ch\u00e9 et la direction non plus!<\/p>\n\n\n\n<p>En GROS, le nouveau protocole t\u00e9l\u00e9travail a \u00e9t\u00e9 sign\u00e9 par Sud et CFE-CGC\u2026<\/p>\n\n\n\n<p>Voici un r\u00e9sum\u00e9 de ce qu\u2019il en d\u00e9coule: Absences inopin\u00e9es : gr\u00e8ve, maladie, enfants malades vous ne rattrapez pas vos ou votre journ\u00e9e TLW.<\/p>\n\n\n\n<p>Absences pr\u00e9vues : cong\u00e9s ou RTT (un jour pr\u00e9vu sur site) r\u00e9cup\u00e9ration du jour sursite OBLIGATOIRE<\/p>\n\n\n\n<p>Nous ne voulions pas de r\u00e9cup\u00e9ration sur les absences pr\u00e9vues maisles autres syndicats OUI !<\/p>\n\n\n\n<p>Pour nos coll\u00e8gues cadres managers : En compl\u00e9ment les cadres managers b\u00e9n\u00e9ficieront d\u2019une enveloppe de 5 jours suppl\u00e9mentaires de t\u00e9l\u00e9travail par ann\u00e9e civile. Les cadres managers pourront donc t\u00e9l\u00e9travailler 1 jour suppl\u00e9mentaire sur 5 semaines de leur choix au cours de l\u2019ann\u00e9e civile dans la limite de 3 jours maximum sur la semaine concern\u00e9e. Les jours non pris au titre de l\u2019enveloppe annuelle ne sont pas reportables sur l\u2019ann\u00e9e suivante.<\/p>\n\n\n\n<p>Pour nos coll\u00e8gues t\u00e9l\u00e9travaillant sous forme d\u2019enveloppe annuelle de jours :Son organisation repose sur une enveloppe de 10, 20, 40, 50 ou 60 jours de t\u00e9l\u00e9travailpar an, selon l\u2019option choisie.<\/p>\n\n\n\n<p>Les n\u00e9gociations se sont d\u00e9roul\u00e9es dans une bonne ambiance g\u00e9n\u00e9rale.<\/p>\n\n\n\n<p>La direction a fait des efforts lors des n\u00e9gociations sur nos desiderata, nous les en remercions.<\/p>\n\n\n\n<p><a href=\"http:\/\/cgtcpamoise.fr\/wp-content\/uploads\/2025\/07\/2025-07-17_PROTOCOLE-TLW-2.pdf\" target=\"_blank\" rel=\"noreferrer noopener\"><img decoding=\"async\" class=\"wp-image-179\" src=\"http:\/\/cgtcpamoise.fr\/wp-content\/uploads\/2025\/07\/2025-07-17_PROTOCOLE-TLW-1.png\" alt=\"\">Cliquez ici pour t\u00e9l\u00e9charger le tract<\/a><\/p>\n","protected":false},"excerpt":{"rendered":"<p>Apr\u00e8s 4 r\u00e9unions de n\u00e9gociations (10\/04,07\/05,10 et 27 juin), nous n\u2019avons rien l\u00e2ch\u00e9 et la direction non plus! En GROS, le nouveau protocole t\u00e9l\u00e9travail a \u00e9t\u00e9 sign\u00e9 par Sud et CFE-CGC\u2026 Voici un r\u00e9sum\u00e9 de ce qu\u2019il en d\u00e9coule: Absences inopin\u00e9es : gr\u00e8ve, maladie, enfants malades vous ne rattrapez pas vos ou votre journ\u00e9e TLW. [&hellip;]<\/p>\n","protected":false},"author":2,"featured_media":0,"comment_status":"closed","ping_status":"closed","sticky":false,"template":"","format":"standard","meta":{"footnotes":""},"categories":[5,7],"tags":[],"class_list":["post-394","post","type-post","status-publish","format-standard","hentry","category-actu","category-cpam"],"_links":{"self":[{"href":"https:\/\/cgtcpamoise.fr\/index.php\/wp-json\/wp\/v2\/posts\/394","targetHints":{"allow":["GET"]}}],"collection":[{"href":"https:\/\/cgtcpamoise.fr\/index.php\/wp-json\/wp\/v2\/posts"}],"about":[{"href":"https:\/\/cgtcpamoise.fr\/index.php\/wp-json\/wp\/v2\/types\/post"}],"author":[{"embeddable":true,"href":"https:\/\/cgtcpamoise.fr\/index.php\/wp-json\/wp\/v2\/users\/2"}],"replies":[{"embeddable":true,"href":"https:\/\/cgtcpamoise.fr\/index.php\/wp-json\/wp\/v2\/comments?post=394"}],"version-history":[{"count":5,"href":"https:\/\/cgtcpamoise.fr\/index.php\/wp-json\/wp\/v2\/posts\/394\/revisions"}],"predecessor-version":[{"id":409,"href":"https:\/\/cgtcpamoise.fr\/index.php\/wp-json\/wp\/v2\/posts\/394\/revisions\/409"}],"wp:attachment":[{"href":"https:\/\/cgtcpamoise.fr\/index.php\/wp-json\/wp\/v2\/media?parent=394"}],"wp:term":[{"taxonomy":"category","embeddable":true,"href":"https:\/\/cgtcpamoise.fr\/index.php\/wp-json\/wp\/v2\/categories?post=394"},{"taxonomy":"post_tag","embeddable":true,"href":"https:\/\/cgtcpamoise.fr\/index.php\/wp-json\/wp\/v2\/tags?post=394"}],"curies":[{"name":"wp","href":"https:\/\/api.w.org\/{rel}","templated":true}]}}