{"id":416,"date":"2025-09-01T12:22:11","date_gmt":"2025-09-01T10:22:11","guid":{"rendered":"https:\/\/cgtcpamoise.fr\/?p=416"},"modified":"2025-09-01T12:22:23","modified_gmt":"2025-09-01T10:22:23","slug":"greve-le-10-et-le-18-septembre","status":"publish","type":"post","link":"https:\/\/cgtcpamoise.fr\/index.php\/2025\/09\/01\/greve-le-10-et-le-18-septembre\/","title":{"rendered":"Greve le 10 et le 18 septembre"},"content":{"rendered":"\n<p>Dans le cadre de la r\u00e9glementation du droit de gr\u00e8ve dans les organismes de S\u00e9curit\u00e9<br>sociale et leurs \u00e9tablissements, le syndicat CGT CPAM Oise appelle le personnel de<br>la CPAM de l\u2019Oise \u00e0 \u00eatre en gr\u00e8ve le 10 et le 18 Septembre 2025.<\/p>\n\n\n\n<p>Motif de la gr\u00e8ve :<br>\u00b7 Augmentation des salaires<br>\u00b7 Retrait du plan d\u2019aust\u00e9rit\u00e9<br>\u00b7 Retrait du Projet de loi de financement de la s\u00e9curit\u00e9 sociale<br>\u00b7 Abandon du Budget Bayrou<br>\u00b7 Abandon de la retraite \u00e0 64 ans<\/p>\n\n\n\n<p><a href=\"http:\/\/cgtcpamoise.fr\/wp-content\/uploads\/2025\/09\/2025-09-10_preavis.pdf\"><img loading=\"lazy\" decoding=\"async\" width=\"64\" height=\"64\" class=\"wp-image-179\" style=\"width: 64px;\" src=\"http:\/\/cgtcpamoise.fr\/wp-content\/uploads\/2024\/06\/pdf-download-2617.png\" alt=\"\">Cliquez ici pour t\u00e9l\u00e9charger le tract complet<\/a><\/p>\n\n\n\n<p><\/p>\n","protected":false},"excerpt":{"rendered":"<p>Dans le cadre de la r\u00e9glementation du droit de gr\u00e8ve dans les organismes de S\u00e9curit\u00e9sociale et leurs \u00e9tablissements, le syndicat CGT CPAM Oise appelle le personnel dela CPAM de l\u2019Oise \u00e0 \u00eatre en gr\u00e8ve le 10 et le 18 Septembre 2025. Motif de la gr\u00e8ve :\u00b7 Augmentation des salaires\u00b7 Retrait du plan d\u2019aust\u00e9rit\u00e9\u00b7 Retrait du [&hellip;]<\/p>\n","protected":false},"author":2,"featured_media":0,"comment_status":"closed","ping_status":"closed","sticky":false,"template":"","format":"standard","meta":{"footnotes":""},"categories":[7,11,6],"tags":[],"class_list":["post-416","post","type-post","status-publish","format-standard","hentry","category-cpam","category-greve","category-national"],"_links":{"self":[{"href":"https:\/\/cgtcpamoise.fr\/index.php\/wp-json\/wp\/v2\/posts\/416","targetHints":{"allow":["GET"]}}],"collection":[{"href":"https:\/\/cgtcpamoise.fr\/index.php\/wp-json\/wp\/v2\/posts"}],"about":[{"href":"https:\/\/cgtcpamoise.fr\/index.php\/wp-json\/wp\/v2\/types\/post"}],"author":[{"embeddable":true,"href":"https:\/\/cgtcpamoise.fr\/index.php\/wp-json\/wp\/v2\/users\/2"}],"replies":[{"embeddable":true,"href":"https:\/\/cgtcpamoise.fr\/index.php\/wp-json\/wp\/v2\/comments?post=416"}],"version-history":[{"count":1,"href":"https:\/\/cgtcpamoise.fr\/index.php\/wp-json\/wp\/v2\/posts\/416\/revisions"}],"predecessor-version":[{"id":418,"href":"https:\/\/cgtcpamoise.fr\/index.php\/wp-json\/wp\/v2\/posts\/416\/revisions\/418"}],"wp:attachment":[{"href":"https:\/\/cgtcpamoise.fr\/index.php\/wp-json\/wp\/v2\/media?parent=416"}],"wp:term":[{"taxonomy":"category","embeddable":true,"href":"https:\/\/cgtcpamoise.fr\/index.php\/wp-json\/wp\/v2\/categories?post=416"},{"taxonomy":"post_tag","embeddable":true,"href":"https:\/\/cgtcpamoise.fr\/index.php\/wp-json\/wp\/v2\/tags?post=416"}],"curies":[{"name":"wp","href":"https:\/\/api.w.org\/{rel}","templated":true}]}}