{"id":446,"date":"2025-09-26T09:14:28","date_gmt":"2025-09-26T07:14:28","guid":{"rendered":"https:\/\/cgtcpamoise.fr\/?p=446"},"modified":"2025-09-26T09:14:41","modified_gmt":"2025-09-26T07:14:41","slug":"greve-les-2-9-octobre","status":"publish","type":"post","link":"https:\/\/cgtcpamoise.fr\/index.php\/2025\/09\/26\/greve-les-2-9-octobre\/","title":{"rendered":"Gr\u00e8ve les 2 &amp; 9 octobre"},"content":{"rendered":"\n<p>Le syndicat CGT CPAM Oise appelle le personnel de la CPAM de l\u2019Oise \u00e0 \u00eatre en gr\u00e8ve les 2 et 9 Octobre 2025.<\/p>\n\n\n\n<ul class=\"wp-block-list\">\n<li>Soit 55 minutes,<\/li>\n\n\n\n<li>Soit une demi-journ\u00e9e,<\/li>\n\n\n\n<li>Soit journ\u00e9e enti\u00e8re.<br>Afin de peser sur le gouvernement :<br>\u00b7 Augmentation des salaires<br>\u00b7 Retrait du plan d\u2019aust\u00e9rit\u00e9<br>\u00b7 Retrait du Projet de loi de financement de la s\u00e9curit\u00e9 sociale<br>\u00b7 Abandon du Budget du Gouvernement<br>\u00b7 Abandon de la retraite \u00e0 64 ans<br><br>TOUS et TOUTES EN GREVE<br>les 2 &amp; 9 octobre 2025!<\/li>\n<\/ul>\n\n\n\n<figure class=\"wp-block-image size-full is-resized\"><img loading=\"lazy\" decoding=\"async\" width=\"225\" height=\"261\" src=\"http:\/\/cgtcpamoise.fr\/wp-content\/uploads\/2025\/09\/2025-09-24_Tract_CGT_2-OCT-generique.png\" alt=\"\" class=\"wp-image-444\" style=\"width:235px;height:auto\"\/><\/figure>\n\n\n\n<figure class=\"wp-block-image size-full\"><img loading=\"lazy\" decoding=\"async\" width=\"225\" height=\"259\" src=\"http:\/\/cgtcpamoise.fr\/wp-content\/uploads\/2025\/09\/2025-10-02_et_09_greves.png\" alt=\"\" class=\"wp-image-445\"\/><\/figure>\n","protected":false},"excerpt":{"rendered":"<p>Le syndicat CGT CPAM Oise appelle le personnel de la CPAM de l\u2019Oise \u00e0 \u00eatre en gr\u00e8ve les 2 et 9 Octobre 2025.<\/p>\n","protected":false},"author":2,"featured_media":0,"comment_status":"closed","ping_status":"closed","sticky":false,"template":"","format":"standard","meta":{"footnotes":""},"categories":[11,6],"tags":[],"class_list":["post-446","post","type-post","status-publish","format-standard","hentry","category-greve","category-national"],"_links":{"self":[{"href":"https:\/\/cgtcpamoise.fr\/index.php\/wp-json\/wp\/v2\/posts\/446","targetHints":{"allow":["GET"]}}],"collection":[{"href":"https:\/\/cgtcpamoise.fr\/index.php\/wp-json\/wp\/v2\/posts"}],"about":[{"href":"https:\/\/cgtcpamoise.fr\/index.php\/wp-json\/wp\/v2\/types\/post"}],"author":[{"embeddable":true,"href":"https:\/\/cgtcpamoise.fr\/index.php\/wp-json\/wp\/v2\/users\/2"}],"replies":[{"embeddable":true,"href":"https:\/\/cgtcpamoise.fr\/index.php\/wp-json\/wp\/v2\/comments?post=446"}],"version-history":[{"count":1,"href":"https:\/\/cgtcpamoise.fr\/index.php\/wp-json\/wp\/v2\/posts\/446\/revisions"}],"predecessor-version":[{"id":447,"href":"https:\/\/cgtcpamoise.fr\/index.php\/wp-json\/wp\/v2\/posts\/446\/revisions\/447"}],"wp:attachment":[{"href":"https:\/\/cgtcpamoise.fr\/index.php\/wp-json\/wp\/v2\/media?parent=446"}],"wp:term":[{"taxonomy":"category","embeddable":true,"href":"https:\/\/cgtcpamoise.fr\/index.php\/wp-json\/wp\/v2\/categories?post=446"},{"taxonomy":"post_tag","embeddable":true,"href":"https:\/\/cgtcpamoise.fr\/index.php\/wp-json\/wp\/v2\/tags?post=446"}],"curies":[{"name":"wp","href":"https:\/\/api.w.org\/{rel}","templated":true}]}}