{"id":484,"date":"2026-01-28T11:57:23","date_gmt":"2026-01-28T10:57:23","guid":{"rendered":"https:\/\/cgtcpamoise.fr\/?p=484"},"modified":"2026-01-28T11:57:38","modified_gmt":"2026-01-28T10:57:38","slug":"victoire-les-deputes-nont-pas-pu-sattaquer-au-1er-mai","status":"publish","type":"post","link":"https:\/\/cgtcpamoise.fr\/index.php\/2026\/01\/28\/victoire-les-deputes-nont-pas-pu-sattaquer-au-1er-mai\/","title":{"rendered":"Victoire : Les d\u00e9put\u00e9s n\u2019ont pas pu s\u2019attaquer au 1er mai !"},"content":{"rendered":"\n<p>Hier l\u2019Assembl\u00e9e nationale n\u2019a pas pu adopter la proposition de loi s\u2019attaquant au 1er<br>mai, port\u00e9e par la droite, l\u2019extr\u00eame droite et une partie du bloc gouvernemental.<br><\/p>\n\n\n\n<p>L\u2019ensemble des organisations syndicales avaient d\u00e9nonc\u00e9 ce texte, la CGT avait interpell\u00e9<br>l\u2019ensemble des parlementaires (hors extr\u00eame droite) et organis\u00e9 une manifestation<br>devant l\u2019Assembl\u00e9e nationale pour d\u00e9noncer cette remise en cause scandaleuse.<br>C&rsquo;est une premi\u00e8re victoire arrach\u00e9e gr\u00e2ce \u00e0 la mobilisation syndicale<br>La CGT veillera \u00e0 ce que ce texte ne revienne pas \u00e0 l&rsquo;ordre du jour. S\u2019attaquer au 1er<br>mai c\u2019est remettre en cause plus de cent ans d\u2019histoire de luttes sociales, et de<br>reconnaissance du droit au repos.<\/p>\n\n\n\n<p>Aujourd\u2019hui, seuls les \u201c\u00e9tablissements et services qui, en raison de la nature de leur<br>activit\u00e9, ne peuvent pas interrompre le travail\u201d sont autoris\u00e9s \u00e0 faire travailler des<br>salari\u00e9s le 1er mai. La proposition de loi aurait permis de faire travailler au moins 1,6<br>millions de salari\u00e9.e.s suppl\u00e9mentaires le 1er mai. Pour justifier la soi-disant n\u00e9cessit\u00e9 \u00e0<br>l\u00e9gif\u00e9rer, quelques lobbys patronaux ont mis en avant une soit-disant \u201c\u2019ins\u00e9curit\u00e9<br>juridique\u201d pour l\u00e9galiser une infraction et contraindre leurs salari\u00e9\u00b7es \u00e0 travailler le 1er<br>mai.<\/p>\n\n\n\n<p>De leur c\u00f4t\u00e9 les petits commerces ind\u00e9pendants de proximit\u00e9 peuvent d\u00e9j\u00e0 ouvrir euxm\u00eames,<br>sans faire travailler leurs salari\u00e9\u00b7es s\u2019ils en ont. \u00c9tendre la d\u00e9rogation du travail<br>salari\u00e9 le 1er mai introduirait une distorsion de concurrence en faveur des grands<br>groupes comme InterFlora, Marie Blach\u00e8re, Grand frais, Carrefour\u2026<br><\/p>\n\n\n\n<p>Quant aux majorations de salaire et au \u201cvolontariat\u201d, l\u2019exp\u00e9rience de la banalisation du<br>travail le dimanche montre que le volontariat dans un contrat de travail est une<br>fiction. Il se traduit par des pressions sur les salari\u00e9\u00b7es en particulier dans les secteurs<br>les plus pr\u00e9caires. Une fois que le travail se normalise, les majorations sont tr\u00e8s vite<br>supprim\u00e9es.<\/p>\n\n\n\n<p><br>La CGT restera extr\u00eamement vigilante et mobilis\u00e9e pour emp\u00eacher toute remise en<br>cause du 1\u1d49\u02b3 mai et, plus largement, des droits des salari\u00e9\u00b7es.<br><\/p>\n\n\n\n<p>Pas question que le gouvernement reprenne \u00e0 son compte cette proposition de loi et la<br>pr\u00e9sente \u00e0 nouveau \u00e0 l\u2019Assembl\u00e9e nationale ! Ce serait un casus belli ! La CGT appelle<br>l\u2019ensemble du monde du travail \u00e0 rester mobilis\u00e9 pour d\u00e9fendre notre journ\u00e9e<br>internationale de lutte pour les travailleuses et travailleurs.<\/p>\n","protected":false},"excerpt":{"rendered":"<p>Hier l\u2019Assembl\u00e9e nationale n\u2019a pas pu adopter la proposition de loi s\u2019attaquant au 1ermai, port\u00e9e par la droite, l\u2019extr\u00eame droite et une partie du bloc gouvernemental. L\u2019ensemble des organisations syndicales avaient d\u00e9nonc\u00e9 ce texte, la CGT avait interpell\u00e9l\u2019ensemble des parlementaires (hors extr\u00eame droite) et organis\u00e9 une manifestationdevant l\u2019Assembl\u00e9e nationale pour d\u00e9noncer cette remise en cause [&hellip;]<\/p>\n","protected":false},"author":2,"featured_media":0,"comment_status":"closed","ping_status":"closed","sticky":false,"template":"","format":"standard","meta":{"footnotes":""},"categories":[6],"tags":[],"class_list":["post-484","post","type-post","status-publish","format-standard","hentry","category-national"],"_links":{"self":[{"href":"https:\/\/cgtcpamoise.fr\/index.php\/wp-json\/wp\/v2\/posts\/484","targetHints":{"allow":["GET"]}}],"collection":[{"href":"https:\/\/cgtcpamoise.fr\/index.php\/wp-json\/wp\/v2\/posts"}],"about":[{"href":"https:\/\/cgtcpamoise.fr\/index.php\/wp-json\/wp\/v2\/types\/post"}],"author":[{"embeddable":true,"href":"https:\/\/cgtcpamoise.fr\/index.php\/wp-json\/wp\/v2\/users\/2"}],"replies":[{"embeddable":true,"href":"https:\/\/cgtcpamoise.fr\/index.php\/wp-json\/wp\/v2\/comments?post=484"}],"version-history":[{"count":1,"href":"https:\/\/cgtcpamoise.fr\/index.php\/wp-json\/wp\/v2\/posts\/484\/revisions"}],"predecessor-version":[{"id":485,"href":"https:\/\/cgtcpamoise.fr\/index.php\/wp-json\/wp\/v2\/posts\/484\/revisions\/485"}],"wp:attachment":[{"href":"https:\/\/cgtcpamoise.fr\/index.php\/wp-json\/wp\/v2\/media?parent=484"}],"wp:term":[{"taxonomy":"category","embeddable":true,"href":"https:\/\/cgtcpamoise.fr\/index.php\/wp-json\/wp\/v2\/categories?post=484"},{"taxonomy":"post_tag","embeddable":true,"href":"https:\/\/cgtcpamoise.fr\/index.php\/wp-json\/wp\/v2\/tags?post=484"}],"curies":[{"name":"wp","href":"https:\/\/api.w.org\/{rel}","templated":true}]}}