{"id":530,"date":"2026-03-02T13:22:40","date_gmt":"2026-03-02T12:22:40","guid":{"rendered":"https:\/\/cgtcpamoise.fr\/?p=530"},"modified":"2026-03-02T13:28:39","modified_gmt":"2026-03-02T12:28:39","slug":"08-avril-manif-feministe-a-creil","status":"publish","type":"post","link":"https:\/\/cgtcpamoise.fr\/index.php\/2026\/03\/02\/08-avril-manif-feministe-a-creil\/","title":{"rendered":"08 avril : manif f\u00e9ministe \u00e0 Creil"},"content":{"rendered":"\n<p>Face aux imp\u00e9rialismes, aux droites et extr\u00eames droites, partout dans le monde, les femmes r\u00e9sistent !<br>Face aux attaques du gouvernement, Gr\u00e8ve f\u00e9ministe !<br>Nous appelons \u00e0 la gr\u00e8ve du travail, des t\u00e2ches domestiques et de la consommation.<br>Sans les femmes, tout s\u2019arr\u00eate !<br>Nous sommes d\u00e9termin\u00e9es \u00e0 lutter contre le pouvoir, faire entendre les voix de toutes pour arracher l\u2019\u00e9galit\u00e9.<br>Nous sommes solidaires des femmes et des populations subissant de plein fouet les cons\u00e9quences dramatiques du changement climatique, aggrav\u00e9 par les politiques productivistes et capitalistes.<\/p>\n\n\n\n<ul class=\"wp-block-list\">\n<li>Solidarit\u00e9s internationales<\/li>\n\n\n\n<li>Pas d\u2019instrumentalisation des luttes f\u00e9ministes par l\u2019extr\u00eame droite, pas d\u2019extr\u00eame-droite dans la rue, pas une voix pour<\/li>\n\n\n\n<li>De l\u2019argent, il y en a !<\/li>\n\n\n\n<li>Du travail, un temps de travail, des retraites et des salaires pour vivre et pas survivre<\/li>\n\n\n\n<li>Pour un r\u00e9el partage du travail domestique !<\/li>\n\n\n\n<li>Pour plus d\u2019\u00e9galit\u00e9 et de justice, plus de services publics !<\/li>\n\n\n\n<li>Notre corps nous appartient !<\/li>\n\n\n\n<li>Stop aux violences sexistes et sexuelles<\/li>\n\n\n\n<li>\u00c9duquer \u00e0 l\u2019\u00e9galit\u00e9, un enjeu majeur, du plus jeune \u00e2ge \u00e0 l\u2019Universit\u00e9.<\/li>\n<\/ul>\n\n\n\n<p><a href=\"http:\/\/cgtcpamoise.fr\/wp-content\/uploads\/2026\/03\/2026-03-08-journee-femmes.pdf\" target=\"_blank\" rel=\"noreferrer noopener\">Cliquez sur le tract pour savoir la suite<\/a><\/p>\n\n\n\n<figure class=\"wp-block-image size-full\"><img loading=\"lazy\" decoding=\"async\" width=\"260\" height=\"217\" src=\"http:\/\/cgtcpamoise.fr\/wp-content\/uploads\/2026\/03\/2026-03-08-journee-femmes.jpg\" alt=\"\" class=\"wp-image-528\"\/><\/figure>\n\n\n\n<p>et aussi :<\/p>\n\n\n\n<figure class=\"wp-block-image size-full\"><a href=\"http:\/\/cgtcpamoise.fr\/wp-content\/uploads\/2026\/03\/infographie-8-mars-rvb-wb-V2.pdf\"><img loading=\"lazy\" decoding=\"async\" width=\"228\" height=\"261\" src=\"http:\/\/cgtcpamoise.fr\/wp-content\/uploads\/2026\/03\/infographie-8-mars-rvb-wb-V2.png\" alt=\"\" class=\"wp-image-537\"\/><\/a><\/figure>\n\n\n\n<figure class=\"wp-block-image size-full\"><a href=\"http:\/\/cgtcpamoise.fr\/wp-content\/uploads\/2026\/03\/202602_Tract-CGT-8-mars-v3-recto-verso.pdf\"><img loading=\"lazy\" decoding=\"async\" width=\"220\" height=\"258\" src=\"http:\/\/cgtcpamoise.fr\/wp-content\/uploads\/2026\/03\/202602_Tract-CGT-8-mars-v3-recto-verso.png\" alt=\"\" class=\"wp-image-536\"\/><\/a><\/figure>\n\n\n\n<figure class=\"wp-block-image size-full\"><a href=\"http:\/\/cgtcpamoise.fr\/wp-content\/uploads\/2026\/03\/Tract-Collectif_FP-8_mars-2026.pdf\"><img loading=\"lazy\" decoding=\"async\" width=\"227\" height=\"265\" src=\"http:\/\/cgtcpamoise.fr\/wp-content\/uploads\/2026\/03\/Tract-Collectif_FP-8_mars-2026.png\" alt=\"\" class=\"wp-image-538\"\/><\/a><\/figure>\n","protected":false},"excerpt":{"rendered":"<p>Face aux imp\u00e9rialismes, aux droites et extr\u00eames droites, partout dans le monde, les femmes r\u00e9sistent !Face aux attaques du gouvernement, Gr\u00e8ve f\u00e9ministe !Nous appelons \u00e0 la gr\u00e8ve du travail, des t\u00e2ches domestiques et de la consommation.Sans les femmes, tout s\u2019arr\u00eate !Nous sommes d\u00e9termin\u00e9es \u00e0 lutter contre le pouvoir, faire entendre les voix de toutes pour [&hellip;]<\/p>\n","protected":false},"author":2,"featured_media":0,"comment_status":"closed","ping_status":"closed","sticky":false,"template":"","format":"standard","meta":{"footnotes":""},"categories":[11],"tags":[],"class_list":["post-530","post","type-post","status-publish","format-standard","hentry","category-greve"],"_links":{"self":[{"href":"https:\/\/cgtcpamoise.fr\/index.php\/wp-json\/wp\/v2\/posts\/530","targetHints":{"allow":["GET"]}}],"collection":[{"href":"https:\/\/cgtcpamoise.fr\/index.php\/wp-json\/wp\/v2\/posts"}],"about":[{"href":"https:\/\/cgtcpamoise.fr\/index.php\/wp-json\/wp\/v2\/types\/post"}],"author":[{"embeddable":true,"href":"https:\/\/cgtcpamoise.fr\/index.php\/wp-json\/wp\/v2\/users\/2"}],"replies":[{"embeddable":true,"href":"https:\/\/cgtcpamoise.fr\/index.php\/wp-json\/wp\/v2\/comments?post=530"}],"version-history":[{"count":4,"href":"https:\/\/cgtcpamoise.fr\/index.php\/wp-json\/wp\/v2\/posts\/530\/revisions"}],"predecessor-version":[{"id":540,"href":"https:\/\/cgtcpamoise.fr\/index.php\/wp-json\/wp\/v2\/posts\/530\/revisions\/540"}],"wp:attachment":[{"href":"https:\/\/cgtcpamoise.fr\/index.php\/wp-json\/wp\/v2\/media?parent=530"}],"wp:term":[{"taxonomy":"category","embeddable":true,"href":"https:\/\/cgtcpamoise.fr\/index.php\/wp-json\/wp\/v2\/categories?post=530"},{"taxonomy":"post_tag","embeddable":true,"href":"https:\/\/cgtcpamoise.fr\/index.php\/wp-json\/wp\/v2\/tags?post=530"}],"curies":[{"name":"wp","href":"https:\/\/api.w.org\/{rel}","templated":true}]}}